{"id":12320,"date":"2026-08-31T11:18:48","date_gmt":"2026-08-31T09:18:48","guid":{"rendered":"https:\/\/albapcb.com\/?p=12320"},"modified":"2026-08-31T11:18:48","modified_gmt":"2026-08-31T09:18:48","slug":"non-ce-sovranita-digitale-senza-il-circuito-stampato-intervista-su-av-elettronica","status":"publish","type":"post","link":"https:\/\/albapcb.com\/it\/non-ce-sovranita-digitale-senza-il-circuito-stampato-intervista-su-av-elettronica\/","title":{"rendered":"Non c\u2019\u00e8 sovranit\u00e0 digitale senza il circuito stampato (intervista su AV Elettronica)"},"content":{"rendered":"<p><em>Articolo da AV Elettronica n.39 di Laura Reggiani<\/em><\/p>\n<p><strong>Fabio Puccia Modica, responsabile commerciale di Alba PCB, scuote l\u2019industria europea: \u00abStiamo investendo miliardi nel silicio, dimenticandoci il corpo che lo sostiene\u00bb.<\/strong><\/p>\n<p>Per anni il circuito stampato \u00e8 rimasto fuori dal dibattito pubblico sull\u2019innovazione. Invisibile, dato per scontato, relegato a voce di costo nei fogli Excel del procurement. Eppure, oggi, nel pieno della corsa europea alla sovranit\u00e0 tecnologica, proprio quel \u201cpezzo di vetronite e rame\u201d rischia di diventare il vero collo di bottiglia dell\u2019elettronica avanzata.<br \/>\nMentre Bruxelles investe miliardi nei semiconduttori e i grandi Oem parlano di reshoring e resilienza, la filiera dei Pcb continua a vivere in una zona grigia: strategica nei fatti, ignorata nelle politiche industriali. Un paradosso che rischia di vanificare ogni ambizione di autonomia digitale del continente. Ne abbiamo parlato, senza troppi giri di parole, con Fabio Puccia Modica, Chief Commercial Officer di Alba Pcb Group e osservatore privilegiato di un settore che conosce da dentro. Ne esce un\u2019analisi netta, a tratti scomoda, che mette in discussione dogmi consolidati: dal mito del \u201clowest cost\u201d alla dipendenza asiatica, dal ruolo del procurement fino alla miopia delle istituzioni europee.<br \/>\nPi\u00f9 che un\u2019intervista, una lettera aperta. E una domanda che resta sospesa: si pu\u00f2 davvero parlare di sovranit\u00e0 digitale senza controllare l\u2019infrastruttura fisica su cui poggia l\u2019elettronica?<\/p>\n<p><strong>Per anni il Pcb \u00e8 stato considerato come una commodity. \u00c8 davvero finita quell\u2019epoca?<\/strong><\/p>\n<p>Per decenni lo abbiamo trattato come una \u201ccommodity\u201d. Una lastra piatta di vetronite, rame e chimica da acquistare al minor prezzo possibile, preferibilmente in un container proveniente dall\u2019Asia. Ma oggi, chiunque sieda ai tavoli dove si decide il futuro dell\u2019elettronica, dai server per l\u2019AI all\u2019automotive di nuova generazione, sa che la musica \u00e8 cambiata. Il circuito stampato non \u00e8 pi\u00f9 un accessorio. \u00c8 l\u2019anello critico, l\u2019infrastruttura strategica che abilita il sistema. Eppure, mentre l\u2019Europa si mobilita con l\u2019European Chips Act, sembra aver dimenticato un dettaglio fondamentale: un chip senza un package e senza un Pcb non \u00e8 un sistema, \u00e8 solo un inutile pezzo di silicio.<\/p>\n<p><strong>Sta dicendo che l\u2019industria europea sta sbagliando approccio?<\/strong><\/p>\n<p>Il Pcb \u00e8 un asset strategico, non un costo unitario. Dobbiamo dircelo chiaramente: la logica del \u201clowest-cost wins\u201d \u00e8 morta sotto i colpi della crisi dei semiconduttori e delle tensioni geopolitiche. Il valore si \u00e8 spostato drasticamente dal costo per unit\u00e0 alla capacit\u00e0 tecnologica e all\u2019affidabilit\u00e0 della supply chain. Oggi la crescita non \u00e8 pi\u00f9 fatta di metri quadrati, ma di densit\u00e0 tecnologica. Parliamo di Hdi (High Density Interconnect), di substrati avanzati, di rigid-flex per reti a 800G. \u00c8 un mercato \u201cpremium\u201d, dove l\u2019Europa, sebbene marginale nei volumi di massa, mantiene ancora un\u2019eccellenza nelle nicchie ad alto valore, come aerospace, difesa, power electronics. Ma per quanto ancora potremo resistere se non invertiamo la rotta politica?<\/p>\n<p><strong>Quanto \u00e8 pericolosa la dipendenza asiatica di cui tutti parlano, ma che pochi sembrano voler affrontare?<\/strong><\/p>\n<p>La nostra dipendenza dall\u2019Asia \u00e8 quasi totale. Non parliamo solo della produzione fisica del circuito, ma della base stessa: il rame, le fibre di vetro, i laminati ad alta velocit\u00e0. La concentrazione produttiva in Cina, Taiwan, Giappone e Corea crea un rischio geopolitico che nessuna strategia pu\u00f2 realmente mitigare. Siamo davanti a un paradosso: l\u2019Europa investe miliardi nel silicio, ma trascura il \u201ccorpo\u201d che deve ospitarlo. Se vogliamo davvero parlare di sovranit\u00e0 tecnologica, dobbiamo inserire il Pcb nelle politiche industriali europee. Non \u00e8 possibile garantire la sovranit\u00e0 europea nel settore dei semiconduttori senza una capacit\u00e0 produttiva europea nel campo dei circuiti stampati.<\/p>\n<p><strong>Il procurement continua per\u00f2 a ragionare solo sul prezzo. Chi dovrebbe cambiare?<\/strong><\/p>\n<p>Credo sia necessaria una chiamata alle armi per il sourcing strategico. Il procurement deve evolvere. Non possiamo pi\u00f9 permetterci di coinvolgere il fornitore di Pcb solo a valle del design. Il modello deve essere quello del Design for Manufacturing integrato, in cui il produttore di Pcb entra nel processo gi\u00e0 in fase di progettazione. In questo scenario, la transizione verso un modello di Strategic Redundancy non \u00e8 pi\u00f9 solo un\u2019opzione, ma un imperativo per salvaguardare l\u2019autonomia tecnologica europea di fronte alla concentrazione produttiva in Cina. Diventa quindi essenziale presidiare la filiera attraverso un partner europeo di prossimit\u00e0 per la gestione di prototipazioni e produzioni, integrando al contempo canali qualificati e indipendenti per le tecnologie d\u2019avanguardia.<\/p>\n<p><strong>Se potesse parlare direttamente a Bruxelles, cosa chiederebbe?<\/strong><\/p>\n<p>Proporrei un Manifesto per l\u2019Elettronica Europea. Se vogliamo preservare il know-how dei nostri ingegneri e la resilienza delle nostre fabbriche, servono azioni concrete, non solo analisi di mercato. Questi sono, a mio avviso, i punti fondamentali:<\/p>\n<p>\u2022 estendere il Chips Act alla filiera di Pcb, incentivando gli investimenti in tecnologie HDI e substrati;<\/p>\n<p>\u2022 adottare un\u2019energia competitiva, perch\u00e9 le produzioni di Pcb sono energy-intensive e senza costi energetici calmierati, la competizione con i giganti asiatici \u00e8 gi\u00e0 persa in partenza;<\/p>\n<p>\u2022 implementare Tax Credit e incentivi per chi investe in automazione e sostenibilit\u00e0 in Europa;<\/p>\n<p>\u2022 tutelare i materiali critici e garantire l\u2019accesso a laminati, foil di rame e glass fabric di produzione occidentale.<\/p>\n<p>Per concludere, perch\u00e9 un Oem dovrebbe scegliere l\u2019Europa, oggi, contro ogni logica di costo?<\/p>\n<p>L\u2019Europa non compete sui volumi, ma sulla \u201cfiducia\u201d. Tracciabilit\u00e0, sicurezza dei dati, protezione della propriet\u00e0 intellettuale e compliance normativa: questo \u00e8 il nostro valore aggiunto. \u00c8 il momento di smettere di guardare il listino prezzi e iniziare a guardare la mappa geopolitica e la roadmap tecnologica. Il Pcb \u00e8 l\u2019infrastruttura su cui poggia il futuro digitale del continente, ed \u00e8 ora di trattarlo come tale!<\/p>\n","protected":false},"excerpt":{"rendered":"<p>Articolo da AV Elettronica n.39 di Laura Reggiani Fabio Puccia Modica, responsabile commerciale di Alba PCB, scuote l\u2019industria europea: \u00abStiamo investendo miliardi nel silicio, dimenticandoci il corpo che lo sostiene\u00bb. Per anni il circuito stampato \u00e8 rimasto fuori dal dibattito pubblico sull\u2019innovazione. Invisibile, dato per scontato, relegato a voce di costo nei fogli Excel del [&hellip;]<\/p>\n","protected":false},"author":1,"featured_media":12321,"comment_status":"closed","ping_status":"open","sticky":false,"template":"","format":"standard","meta":{"_acf_changed":false,"footnotes":""},"categories":[1],"tags":[],"class_list":["post-12320","post","type-post","status-publish","format-standard","has-post-thumbnail","hentry","category-news"],"acf":[],"yoast_head":"<!-- This site is optimized with the Yoast SEO plugin v28.4 - https:\/\/yoast.com\/product\/yoast-seo-wordpress\/ -->\n<title>Non c\u2019\u00e8 sovranit\u00e0 digitale senza il circuito stampato (intervista su AV Elettronica) - ALBA PCB Group<\/title>\n<meta name=\"description\" content=\"Articolo da AV Elettronica n.39 di Laura Reggiani Fabio Puccia Modica, responsabile commerciale di Alba PCB, scuote l\u2019industria europea: \u00abStiamo\" \/>\n<meta name=\"robots\" content=\"index, follow, max-snippet:-1, max-image-preview:large, max-video-preview:-1\" \/>\n<link rel=\"canonical\" href=\"https:\/\/albapcb.com\/it\/non-ce-sovranita-digitale-senza-il-circuito-stampato-intervista-su-av-elettronica\/\" \/>\n<meta property=\"og:locale\" content=\"it_IT\" \/>\n<meta property=\"og:type\" content=\"article\" \/>\n<meta property=\"og:title\" content=\"Non c\u2019\u00e8 sovranit\u00e0 digitale senza il circuito stampato (intervista su AV Elettronica) - ALBA PCB Group\" \/>\n<meta property=\"og:description\" content=\"Articolo da AV Elettronica n.39 di Laura Reggiani Fabio Puccia Modica, responsabile commerciale di Alba PCB, scuote l\u2019industria europea: \u00abStiamo\" \/>\n<meta property=\"og:url\" content=\"https:\/\/albapcb.com\/it\/non-ce-sovranita-digitale-senza-il-circuito-stampato-intervista-su-av-elettronica\/\" \/>\n<meta property=\"og:site_name\" content=\"ALBA PCB Group\" \/>\n<meta property=\"article:published_time\" content=\"2026-08-31T09:18:48+00:00\" \/>\n<meta property=\"og:image\" content=\"https:\/\/albapcb.com\/wp-content\/uploads\/2026\/08\/Fabio.jpg\" \/>\n\t<meta property=\"og:image:width\" content=\"800\" \/>\n\t<meta property=\"og:image:height\" content=\"534\" \/>\n\t<meta property=\"og:image:type\" content=\"image\/jpeg\" \/>\n<meta name=\"author\" content=\"admin\" \/>\n<meta name=\"twitter:card\" content=\"summary_large_image\" \/>\n<meta name=\"twitter:creator\" content=\"@albapcb_com\" \/>\n<meta name=\"twitter:label1\" content=\"Scritto da\" \/>\n\t<meta name=\"twitter:data1\" content=\"admin\" \/>\n\t<meta name=\"twitter:label2\" content=\"Tempo di lettura stimato\" \/>\n\t<meta name=\"twitter:data2\" content=\"6 minuti\" \/>\n<script type=\"application\/ld+json\" class=\"yoast-schema-graph\">{\"@context\":\"https:\\\/\\\/schema.org\",\"@graph\":[{\"@type\":\"Article\",\"@id\":\"https:\\\/\\\/albapcb.com\\\/it\\\/non-ce-sovranita-digitale-senza-il-circuito-stampato-intervista-su-av-elettronica\\\/#article\",\"isPartOf\":{\"@id\":\"https:\\\/\\\/albapcb.com\\\/it\\\/non-ce-sovranita-digitale-senza-il-circuito-stampato-intervista-su-av-elettronica\\\/\"},\"author\":{\"name\":\"admin\",\"@id\":\"https:\\\/\\\/albapcb.com\\\/it\\\/#\\\/schema\\\/person\\\/e7adc684b2f08b79e7d1c004c7d199df\"},\"headline\":\"Non c\u2019\u00e8 sovranit\u00e0 digitale senza il circuito stampato (intervista su AV Elettronica)\",\"datePublished\":\"2026-08-31T09:18:48+00:00\",\"mainEntityOfPage\":{\"@id\":\"https:\\\/\\\/albapcb.com\\\/it\\\/non-ce-sovranita-digitale-senza-il-circuito-stampato-intervista-su-av-elettronica\\\/\"},\"wordCount\":922,\"publisher\":{\"@id\":\"https:\\\/\\\/albapcb.com\\\/it\\\/#organization\"},\"image\":{\"@id\":\"https:\\\/\\\/albapcb.com\\\/it\\\/non-ce-sovranita-digitale-senza-il-circuito-stampato-intervista-su-av-elettronica\\\/#primaryimage\"},\"thumbnailUrl\":\"https:\\\/\\\/albapcb.com\\\/wp-content\\\/uploads\\\/2026\\\/08\\\/Fabio.jpg\",\"articleSection\":[\"Non categorizzato\"],\"inLanguage\":\"it-IT\"},{\"@type\":\"WebPage\",\"@id\":\"https:\\\/\\\/albapcb.com\\\/it\\\/non-ce-sovranita-digitale-senza-il-circuito-stampato-intervista-su-av-elettronica\\\/\",\"url\":\"https:\\\/\\\/albapcb.com\\\/it\\\/non-ce-sovranita-digitale-senza-il-circuito-stampato-intervista-su-av-elettronica\\\/\",\"name\":\"Non c\u2019\u00e8 sovranit\u00e0 digitale senza il circuito stampato (intervista su AV Elettronica) - ALBA PCB Group\",\"isPartOf\":{\"@id\":\"https:\\\/\\\/albapcb.com\\\/it\\\/#website\"},\"primaryImageOfPage\":{\"@id\":\"https:\\\/\\\/albapcb.com\\\/it\\\/non-ce-sovranita-digitale-senza-il-circuito-stampato-intervista-su-av-elettronica\\\/#primaryimage\"},\"image\":{\"@id\":\"https:\\\/\\\/albapcb.com\\\/it\\\/non-ce-sovranita-digitale-senza-il-circuito-stampato-intervista-su-av-elettronica\\\/#primaryimage\"},\"thumbnailUrl\":\"https:\\\/\\\/albapcb.com\\\/wp-content\\\/uploads\\\/2026\\\/08\\\/Fabio.jpg\",\"datePublished\":\"2026-08-31T09:18:48+00:00\",\"description\":\"Articolo da AV Elettronica n.39 di Laura Reggiani Fabio Puccia Modica, responsabile commerciale di Alba PCB, scuote l\u2019industria europea: \u00abStiamo\",\"breadcrumb\":{\"@id\":\"https:\\\/\\\/albapcb.com\\\/it\\\/non-ce-sovranita-digitale-senza-il-circuito-stampato-intervista-su-av-elettronica\\\/#breadcrumb\"},\"inLanguage\":\"it-IT\",\"potentialAction\":[{\"@type\":\"ReadAction\",\"target\":[\"https:\\\/\\\/albapcb.com\\\/it\\\/non-ce-sovranita-digitale-senza-il-circuito-stampato-intervista-su-av-elettronica\\\/\"]}]},{\"@type\":\"ImageObject\",\"inLanguage\":\"it-IT\",\"@id\":\"https:\\\/\\\/albapcb.com\\\/it\\\/non-ce-sovranita-digitale-senza-il-circuito-stampato-intervista-su-av-elettronica\\\/#primaryimage\",\"url\":\"https:\\\/\\\/albapcb.com\\\/wp-content\\\/uploads\\\/2026\\\/08\\\/Fabio.jpg\",\"contentUrl\":\"https:\\\/\\\/albapcb.com\\\/wp-content\\\/uploads\\\/2026\\\/08\\\/Fabio.jpg\",\"width\":800,\"height\":534,\"caption\":\"Fabio Puccia Modica AV Elettronica\"},{\"@type\":\"BreadcrumbList\",\"@id\":\"https:\\\/\\\/albapcb.com\\\/it\\\/non-ce-sovranita-digitale-senza-il-circuito-stampato-intervista-su-av-elettronica\\\/#breadcrumb\",\"itemListElement\":[{\"@type\":\"ListItem\",\"position\":1,\"name\":\"Home\",\"item\":\"https:\\\/\\\/albapcb.com\\\/it\\\/\"},{\"@type\":\"ListItem\",\"position\":2,\"name\":\"Non c\u2019\u00e8 sovranit\u00e0 digitale senza il circuito stampato (intervista su AV Elettronica)\"}]},{\"@type\":\"WebSite\",\"@id\":\"https:\\\/\\\/albapcb.com\\\/it\\\/#website\",\"url\":\"https:\\\/\\\/albapcb.com\\\/it\\\/\",\"name\":\"ALBA PCB Group\",\"description\":\"Produttori di circuiti stampati di qualit\u00e0\",\"publisher\":{\"@id\":\"https:\\\/\\\/albapcb.com\\\/it\\\/#organization\"},\"potentialAction\":[{\"@type\":\"SearchAction\",\"target\":{\"@type\":\"EntryPoint\",\"urlTemplate\":\"https:\\\/\\\/albapcb.com\\\/it\\\/?s={search_term_string}\"},\"query-input\":{\"@type\":\"PropertyValueSpecification\",\"valueRequired\":true,\"valueName\":\"search_term_string\"}}],\"inLanguage\":\"it-IT\"},{\"@type\":\"Organization\",\"@id\":\"https:\\\/\\\/albapcb.com\\\/it\\\/#organization\",\"name\":\"ALBA PCB\",\"url\":\"https:\\\/\\\/albapcb.com\\\/it\\\/\",\"logo\":{\"@type\":\"ImageObject\",\"inLanguage\":\"it-IT\",\"@id\":\"https:\\\/\\\/albapcb.com\\\/it\\\/#\\\/schema\\\/logo\\\/image\\\/\",\"url\":\"https:\\\/\\\/albapcb.com\\\/wp-content\\\/uploads\\\/2019\\\/10\\\/logo.png\",\"contentUrl\":\"https:\\\/\\\/albapcb.com\\\/wp-content\\\/uploads\\\/2019\\\/10\\\/logo.png\",\"width\":200,\"height\":229,\"caption\":\"ALBA PCB\"},\"image\":{\"@id\":\"https:\\\/\\\/albapcb.com\\\/it\\\/#\\\/schema\\\/logo\\\/image\\\/\"}},{\"@type\":\"Person\",\"@id\":\"https:\\\/\\\/albapcb.com\\\/it\\\/#\\\/schema\\\/person\\\/e7adc684b2f08b79e7d1c004c7d199df\",\"name\":\"admin\",\"image\":{\"@type\":\"ImageObject\",\"inLanguage\":\"it-IT\",\"@id\":\"https:\\\/\\\/secure.gravatar.com\\\/avatar\\\/cf7f95f857c4a56753bee99a58a90ea6c495b7c5364cc812ff43a6d8f153f574?s=96&d=mm&r=g\",\"url\":\"https:\\\/\\\/secure.gravatar.com\\\/avatar\\\/cf7f95f857c4a56753bee99a58a90ea6c495b7c5364cc812ff43a6d8f153f574?s=96&d=mm&r=g\",\"contentUrl\":\"https:\\\/\\\/secure.gravatar.com\\\/avatar\\\/cf7f95f857c4a56753bee99a58a90ea6c495b7c5364cc812ff43a6d8f153f574?s=96&d=mm&r=g\",\"caption\":\"admin\"},\"sameAs\":[\"https:\\\/\\\/x.com\\\/albapcb_com\"]}]}<\/script>\n<!-- \/ Yoast SEO plugin. -->","yoast_head_json":{"title":"Non c\u2019\u00e8 sovranit\u00e0 digitale senza il circuito stampato (intervista su AV Elettronica) - ALBA PCB Group","description":"Articolo da AV Elettronica n.39 di Laura Reggiani Fabio Puccia Modica, responsabile commerciale di Alba PCB, scuote l\u2019industria europea: \u00abStiamo","robots":{"index":"index","follow":"follow","max-snippet":"max-snippet:-1","max-image-preview":"max-image-preview:large","max-video-preview":"max-video-preview:-1"},"canonical":"https:\/\/albapcb.com\/it\/non-ce-sovranita-digitale-senza-il-circuito-stampato-intervista-su-av-elettronica\/","og_locale":"it_IT","og_type":"article","og_title":"Non c\u2019\u00e8 sovranit\u00e0 digitale senza il circuito stampato (intervista su AV Elettronica) - ALBA PCB Group","og_description":"Articolo da AV Elettronica n.39 di Laura Reggiani Fabio Puccia Modica, responsabile commerciale di Alba PCB, scuote l\u2019industria europea: \u00abStiamo","og_url":"https:\/\/albapcb.com\/it\/non-ce-sovranita-digitale-senza-il-circuito-stampato-intervista-su-av-elettronica\/","og_site_name":"ALBA PCB Group","article_published_time":"2026-08-31T09:18:48+00:00","og_image":[{"width":800,"height":534,"url":"https:\/\/albapcb.com\/wp-content\/uploads\/2026\/08\/Fabio.jpg","type":"image\/jpeg"}],"author":"admin","twitter_card":"summary_large_image","twitter_creator":"@albapcb_com","twitter_misc":{"Scritto da":"admin","Tempo di lettura stimato":"6 minuti"},"schema":{"@context":"https:\/\/schema.org","@graph":[{"@type":"Article","@id":"https:\/\/albapcb.com\/it\/non-ce-sovranita-digitale-senza-il-circuito-stampato-intervista-su-av-elettronica\/#article","isPartOf":{"@id":"https:\/\/albapcb.com\/it\/non-ce-sovranita-digitale-senza-il-circuito-stampato-intervista-su-av-elettronica\/"},"author":{"name":"admin","@id":"https:\/\/albapcb.com\/it\/#\/schema\/person\/e7adc684b2f08b79e7d1c004c7d199df"},"headline":"Non c\u2019\u00e8 sovranit\u00e0 digitale senza il circuito stampato (intervista su AV Elettronica)","datePublished":"2026-08-31T09:18:48+00:00","mainEntityOfPage":{"@id":"https:\/\/albapcb.com\/it\/non-ce-sovranita-digitale-senza-il-circuito-stampato-intervista-su-av-elettronica\/"},"wordCount":922,"publisher":{"@id":"https:\/\/albapcb.com\/it\/#organization"},"image":{"@id":"https:\/\/albapcb.com\/it\/non-ce-sovranita-digitale-senza-il-circuito-stampato-intervista-su-av-elettronica\/#primaryimage"},"thumbnailUrl":"https:\/\/albapcb.com\/wp-content\/uploads\/2026\/08\/Fabio.jpg","articleSection":["Non categorizzato"],"inLanguage":"it-IT"},{"@type":"WebPage","@id":"https:\/\/albapcb.com\/it\/non-ce-sovranita-digitale-senza-il-circuito-stampato-intervista-su-av-elettronica\/","url":"https:\/\/albapcb.com\/it\/non-ce-sovranita-digitale-senza-il-circuito-stampato-intervista-su-av-elettronica\/","name":"Non c\u2019\u00e8 sovranit\u00e0 digitale senza il circuito stampato (intervista su AV Elettronica) - ALBA PCB Group","isPartOf":{"@id":"https:\/\/albapcb.com\/it\/#website"},"primaryImageOfPage":{"@id":"https:\/\/albapcb.com\/it\/non-ce-sovranita-digitale-senza-il-circuito-stampato-intervista-su-av-elettronica\/#primaryimage"},"image":{"@id":"https:\/\/albapcb.com\/it\/non-ce-sovranita-digitale-senza-il-circuito-stampato-intervista-su-av-elettronica\/#primaryimage"},"thumbnailUrl":"https:\/\/albapcb.com\/wp-content\/uploads\/2026\/08\/Fabio.jpg","datePublished":"2026-08-31T09:18:48+00:00","description":"Articolo da AV Elettronica n.39 di Laura Reggiani Fabio Puccia Modica, responsabile commerciale di Alba PCB, scuote l\u2019industria europea: \u00abStiamo","breadcrumb":{"@id":"https:\/\/albapcb.com\/it\/non-ce-sovranita-digitale-senza-il-circuito-stampato-intervista-su-av-elettronica\/#breadcrumb"},"inLanguage":"it-IT","potentialAction":[{"@type":"ReadAction","target":["https:\/\/albapcb.com\/it\/non-ce-sovranita-digitale-senza-il-circuito-stampato-intervista-su-av-elettronica\/"]}]},{"@type":"ImageObject","inLanguage":"it-IT","@id":"https:\/\/albapcb.com\/it\/non-ce-sovranita-digitale-senza-il-circuito-stampato-intervista-su-av-elettronica\/#primaryimage","url":"https:\/\/albapcb.com\/wp-content\/uploads\/2026\/08\/Fabio.jpg","contentUrl":"https:\/\/albapcb.com\/wp-content\/uploads\/2026\/08\/Fabio.jpg","width":800,"height":534,"caption":"Fabio Puccia Modica AV Elettronica"},{"@type":"BreadcrumbList","@id":"https:\/\/albapcb.com\/it\/non-ce-sovranita-digitale-senza-il-circuito-stampato-intervista-su-av-elettronica\/#breadcrumb","itemListElement":[{"@type":"ListItem","position":1,"name":"Home","item":"https:\/\/albapcb.com\/it\/"},{"@type":"ListItem","position":2,"name":"Non c\u2019\u00e8 sovranit\u00e0 digitale senza il circuito stampato (intervista su AV Elettronica)"}]},{"@type":"WebSite","@id":"https:\/\/albapcb.com\/it\/#website","url":"https:\/\/albapcb.com\/it\/","name":"ALBA PCB Group","description":"Produttori di circuiti stampati di qualit\u00e0","publisher":{"@id":"https:\/\/albapcb.com\/it\/#organization"},"potentialAction":[{"@type":"SearchAction","target":{"@type":"EntryPoint","urlTemplate":"https:\/\/albapcb.com\/it\/?s={search_term_string}"},"query-input":{"@type":"PropertyValueSpecification","valueRequired":true,"valueName":"search_term_string"}}],"inLanguage":"it-IT"},{"@type":"Organization","@id":"https:\/\/albapcb.com\/it\/#organization","name":"ALBA PCB","url":"https:\/\/albapcb.com\/it\/","logo":{"@type":"ImageObject","inLanguage":"it-IT","@id":"https:\/\/albapcb.com\/it\/#\/schema\/logo\/image\/","url":"https:\/\/albapcb.com\/wp-content\/uploads\/2019\/10\/logo.png","contentUrl":"https:\/\/albapcb.com\/wp-content\/uploads\/2019\/10\/logo.png","width":200,"height":229,"caption":"ALBA PCB"},"image":{"@id":"https:\/\/albapcb.com\/it\/#\/schema\/logo\/image\/"}},{"@type":"Person","@id":"https:\/\/albapcb.com\/it\/#\/schema\/person\/e7adc684b2f08b79e7d1c004c7d199df","name":"admin","image":{"@type":"ImageObject","inLanguage":"it-IT","@id":"https:\/\/secure.gravatar.com\/avatar\/cf7f95f857c4a56753bee99a58a90ea6c495b7c5364cc812ff43a6d8f153f574?s=96&d=mm&r=g","url":"https:\/\/secure.gravatar.com\/avatar\/cf7f95f857c4a56753bee99a58a90ea6c495b7c5364cc812ff43a6d8f153f574?s=96&d=mm&r=g","contentUrl":"https:\/\/secure.gravatar.com\/avatar\/cf7f95f857c4a56753bee99a58a90ea6c495b7c5364cc812ff43a6d8f153f574?s=96&d=mm&r=g","caption":"admin"},"sameAs":["https:\/\/x.com\/albapcb_com"]}]}},"_links":{"self":[{"href":"https:\/\/albapcb.com\/it\/wp-json\/wp\/v2\/posts\/12320","targetHints":{"allow":["GET"]}}],"collection":[{"href":"https:\/\/albapcb.com\/it\/wp-json\/wp\/v2\/posts"}],"about":[{"href":"https:\/\/albapcb.com\/it\/wp-json\/wp\/v2\/types\/post"}],"author":[{"embeddable":true,"href":"https:\/\/albapcb.com\/it\/wp-json\/wp\/v2\/users\/1"}],"replies":[{"embeddable":true,"href":"https:\/\/albapcb.com\/it\/wp-json\/wp\/v2\/comments?post=12320"}],"version-history":[{"count":4,"href":"https:\/\/albapcb.com\/it\/wp-json\/wp\/v2\/posts\/12320\/revisions"}],"predecessor-version":[{"id":12336,"href":"https:\/\/albapcb.com\/it\/wp-json\/wp\/v2\/posts\/12320\/revisions\/12336"}],"wp:featuredmedia":[{"embeddable":true,"href":"https:\/\/albapcb.com\/it\/wp-json\/wp\/v2\/media\/12321"}],"wp:attachment":[{"href":"https:\/\/albapcb.com\/it\/wp-json\/wp\/v2\/media?parent=12320"}],"wp:term":[{"taxonomy":"category","embeddable":true,"href":"https:\/\/albapcb.com\/it\/wp-json\/wp\/v2\/categories?post=12320"},{"taxonomy":"post_tag","embeddable":true,"href":"https:\/\/albapcb.com\/it\/wp-json\/wp\/v2\/tags?post=12320"}],"curies":[{"name":"wp","href":"https:\/\/api.w.org\/{rel}","templated":true}]}}